{"id":2273,"date":"2016-06-08T16:43:00","date_gmt":"2016-06-08T14:43:00","guid":{"rendered":"https:\/\/www.displayfabriken.com\/?p=2273"},"modified":"2025-02-03T16:44:17","modified_gmt":"2025-02-03T15:44:17","slug":"displayfabriken-utokar-kapaciteten-ytterligare","status":"publish","type":"post","link":"https:\/\/www.displayfabriken.com\/sv\/displayfabriken-utokar-kapaciteten-ytterligare\/","title":{"rendered":"Displayfabriken ut\u00f6kar kapaciteten ytterligare"},"content":{"rendered":"\n<p>Efter snart 3 \u00e5r p\u00e5 marknaden och en stark tillv\u00e4xt \u00e4r det \u00e5terigen dags att informera om nya investeringar hos Displayfabriken, detta f\u00f6r att kunna m\u00f6ta den starka efterfr\u00e5gan hos b\u00e5de nya och gamla kunder.<\/p>\n\n\n\n<p>Efter sommaren kommer v\u00e5r&nbsp;tredje&nbsp;CNC-styrda fr\u00e4s i format 2000 x 3000 mm att vara p\u00e5 plats.<\/p>\n\n\n\n<p>I samband med detta ut\u00f6kar vi&nbsp;ocks\u00e5 produktionsytan med rationellare fl\u00f6den som f\u00f6ljd samt betydligt st\u00f6rre lokaler f\u00f6r limning, bockning etc.<\/p>\n\n\n\n<p>Ovanst\u00e5ende kommer att medf\u00f6ra att vi kan hantera betydligt st\u00f6rre volymer b\u00e5de vad g\u00e4ller CNC-fr\u00e4sning, bearbetning\/limning m.m.&nbsp; \u00c4ven v\u00e5r flexibilitet och service niv\u00e5 kommer att f\u00f6rst\u00e4rkas p\u00e5 ett positivt s\u00e4tt.<\/p>\n\n\n\n<p>V\u00e4lkomna \u00e4ven i forts\u00e4ttningen med era f\u00f6rfr\u00e5gningar, best\u00e4llningar.<\/p>\n\n\n\n<p>Jonas Marevind<\/p>\n","protected":false},"excerpt":{"rendered":"<p>Efter snart 3 \u00e5r p\u00e5 marknaden och en stark tillv\u00e4xt \u00e4r det \u00e5terigen dags att informera om nya investeringar hos Displayfabriken, detta f\u00f6r att kunna m\u00f6ta den starka efterfr\u00e5gan hos b\u00e5de nya och gamla kunder. Efter sommaren kommer v\u00e5r&nbsp;tredje&nbsp;CNC-styrda fr\u00e4s i format 2000 x 3000 mm att vara p\u00e5 plats. I samband med detta ut\u00f6kar [&hellip;]<\/p>\n","protected":false},"author":1,"featured_media":2274,"comment_status":"open","ping_status":"open","sticky":false,"template":"","format":"standard","meta":{"site-sidebar-layout":"default","site-content-layout":"","ast-site-content-layout":"default","site-content-style":"default","site-sidebar-style":"default","ast-global-header-display":"","ast-banner-title-visibility":"","ast-main-header-display":"","ast-hfb-above-header-display":"","ast-hfb-below-header-display":"","ast-hfb-mobile-header-display":"","site-post-title":"","ast-breadcrumbs-content":"","ast-featured-img":"","footer-sml-layout":"","theme-transparent-header-meta":"","adv-header-id-meta":"","stick-header-meta":"","header-above-stick-meta":"","header-main-stick-meta":"","header-below-stick-meta":"","astra-migrate-meta-layouts":"set","ast-page-background-enabled":"default","ast-page-background-meta":{"desktop":{"background-color":"","background-image":"","background-repeat":"repeat","background-position":"center center","background-size":"auto","background-attachment":"scroll","background-type":"","background-media":"","overlay-type":"","overlay-color":"","overlay-gradient":""},"tablet":{"background-color":"","background-image":"","background-repeat":"repeat","background-position":"center center","background-size":"auto","background-attachment":"scroll","background-type":"","background-media":"","overlay-type":"","overlay-color":"","overlay-gradient":""},"mobile":{"background-color":"","background-image":"","background-repeat":"repeat","background-position":"center center","background-size":"auto","background-attachment":"scroll","background-type":"","background-media":"","overlay-type":"","overlay-color":"","overlay-gradient":""}},"ast-content-background-meta":{"desktop":{"background-color":"var(--ast-global-color-5)","background-image":"","background-repeat":"repeat","background-position":"center center","background-size":"auto","background-attachment":"scroll","background-type":"","background-media":"","overlay-type":"","overlay-color":"","overlay-gradient":""},"tablet":{"background-color":"var(--ast-global-color-5)","background-image":"","background-repeat":"repeat","background-position":"center center","background-size":"auto","background-attachment":"scroll","background-type":"","background-media":"","overlay-type":"","overlay-color":"","overlay-gradient":""},"mobile":{"background-color":"var(--ast-global-color-5)","background-image":"","background-repeat":"repeat","background-position":"center center","background-size":"auto","background-attachment":"scroll","background-type":"","background-media":"","overlay-type":"","overlay-color":"","overlay-gradient":""}},"footnotes":""},"categories":[],"tags":[],"class_list":["post-2273","post","type-post","status-publish","format-standard","has-post-thumbnail","hentry"],"yoast_head":"<!-- This site is optimized with the Yoast SEO plugin v27.4 - https:\/\/yoast.com\/product\/yoast-seo-wordpress\/ -->\n<title>Displayfabriken ut\u00f6kar kapaciteten ytterligare - Displayfabriken<\/title>\n<meta name=\"robots\" content=\"index, follow, max-snippet:-1, max-image-preview:large, max-video-preview:-1\" \/>\n<link rel=\"canonical\" href=\"https:\/\/www.displayfabriken.com\/sv\/displayfabriken-utokar-kapaciteten-ytterligare\/\" \/>\n<meta property=\"og:locale\" content=\"sv_SE\" \/>\n<meta property=\"og:type\" content=\"article\" \/>\n<meta property=\"og:title\" content=\"Displayfabriken ut\u00f6kar kapaciteten ytterligare - Displayfabriken\" \/>\n<meta property=\"og:description\" content=\"Efter snart 3 \u00e5r p\u00e5 marknaden och en stark tillv\u00e4xt \u00e4r det \u00e5terigen dags att informera om nya investeringar hos Displayfabriken, detta f\u00f6r att kunna m\u00f6ta den starka efterfr\u00e5gan hos b\u00e5de nya och gamla kunder. Efter sommaren kommer v\u00e5r&nbsp;tredje&nbsp;CNC-styrda fr\u00e4s i format 2000 x 3000 mm att vara p\u00e5 plats. I samband med detta ut\u00f6kar [&hellip;]\" \/>\n<meta property=\"og:url\" content=\"https:\/\/www.displayfabriken.com\/sv\/displayfabriken-utokar-kapaciteten-ytterligare\/\" \/>\n<meta property=\"og:site_name\" content=\"Displayfabriken\" \/>\n<meta property=\"article:published_time\" content=\"2016-06-08T14:43:00+00:00\" \/>\n<meta property=\"article:modified_time\" content=\"2025-02-03T15:44:17+00:00\" \/>\n<meta property=\"og:image\" content=\"https:\/\/www.displayfabriken.com\/wp-content\/uploads\/2025\/02\/cnc.png\" \/>\n\t<meta property=\"og:image:width\" content=\"637\" \/>\n\t<meta property=\"og:image:height\" content=\"420\" \/>\n\t<meta property=\"og:image:type\" content=\"image\/png\" \/>\n<meta name=\"author\" content=\"Aria\" \/>\n<meta name=\"twitter:card\" content=\"summary_large_image\" \/>\n<meta name=\"twitter:label1\" content=\"Skriven av\" \/>\n\t<meta name=\"twitter:data1\" content=\"Aria\" \/>\n\t<meta name=\"twitter:label2\" content=\"Ber\u00e4knad l\u00e4stid\" \/>\n\t<meta name=\"twitter:data2\" content=\"1 minut\" \/>\n<script type=\"application\/ld+json\" class=\"yoast-schema-graph\">{\"@context\":\"https:\\\/\\\/schema.org\",\"@graph\":[{\"@type\":\"Article\",\"@id\":\"https:\\\/\\\/www.displayfabriken.com\\\/sv\\\/displayfabriken-utokar-kapaciteten-ytterligare\\\/#article\",\"isPartOf\":{\"@id\":\"https:\\\/\\\/www.displayfabriken.com\\\/sv\\\/displayfabriken-utokar-kapaciteten-ytterligare\\\/\"},\"author\":{\"name\":\"Aria\",\"@id\":\"https:\\\/\\\/www.displayfabriken.com\\\/sv\\\/#\\\/schema\\\/person\\\/0556f9575aa674e56aeb4d9aedc09af8\"},\"headline\":\"Displayfabriken ut\u00f6kar kapaciteten ytterligare\",\"datePublished\":\"2016-06-08T14:43:00+00:00\",\"dateModified\":\"2025-02-03T15:44:17+00:00\",\"mainEntityOfPage\":{\"@id\":\"https:\\\/\\\/www.displayfabriken.com\\\/sv\\\/displayfabriken-utokar-kapaciteten-ytterligare\\\/\"},\"wordCount\":148,\"commentCount\":0,\"publisher\":{\"@id\":\"https:\\\/\\\/www.displayfabriken.com\\\/sv\\\/#organization\"},\"image\":{\"@id\":\"https:\\\/\\\/www.displayfabriken.com\\\/sv\\\/displayfabriken-utokar-kapaciteten-ytterligare\\\/#primaryimage\"},\"thumbnailUrl\":\"https:\\\/\\\/www.displayfabriken.com\\\/wp-content\\\/uploads\\\/2025\\\/02\\\/cnc.png\",\"inLanguage\":\"sv-SE\",\"potentialAction\":[{\"@type\":\"CommentAction\",\"name\":\"Comment\",\"target\":[\"https:\\\/\\\/www.displayfabriken.com\\\/sv\\\/displayfabriken-utokar-kapaciteten-ytterligare\\\/#respond\"]}]},{\"@type\":\"WebPage\",\"@id\":\"https:\\\/\\\/www.displayfabriken.com\\\/sv\\\/displayfabriken-utokar-kapaciteten-ytterligare\\\/\",\"url\":\"https:\\\/\\\/www.displayfabriken.com\\\/sv\\\/displayfabriken-utokar-kapaciteten-ytterligare\\\/\",\"name\":\"Displayfabriken ut\u00f6kar kapaciteten ytterligare - Displayfabriken\",\"isPartOf\":{\"@id\":\"https:\\\/\\\/www.displayfabriken.com\\\/sv\\\/#website\"},\"primaryImageOfPage\":{\"@id\":\"https:\\\/\\\/www.displayfabriken.com\\\/sv\\\/displayfabriken-utokar-kapaciteten-ytterligare\\\/#primaryimage\"},\"image\":{\"@id\":\"https:\\\/\\\/www.displayfabriken.com\\\/sv\\\/displayfabriken-utokar-kapaciteten-ytterligare\\\/#primaryimage\"},\"thumbnailUrl\":\"https:\\\/\\\/www.displayfabriken.com\\\/wp-content\\\/uploads\\\/2025\\\/02\\\/cnc.png\",\"datePublished\":\"2016-06-08T14:43:00+00:00\",\"dateModified\":\"2025-02-03T15:44:17+00:00\",\"breadcrumb\":{\"@id\":\"https:\\\/\\\/www.displayfabriken.com\\\/sv\\\/displayfabriken-utokar-kapaciteten-ytterligare\\\/#breadcrumb\"},\"inLanguage\":\"sv-SE\",\"potentialAction\":[{\"@type\":\"ReadAction\",\"target\":[\"https:\\\/\\\/www.displayfabriken.com\\\/sv\\\/displayfabriken-utokar-kapaciteten-ytterligare\\\/\"]}]},{\"@type\":\"ImageObject\",\"inLanguage\":\"sv-SE\",\"@id\":\"https:\\\/\\\/www.displayfabriken.com\\\/sv\\\/displayfabriken-utokar-kapaciteten-ytterligare\\\/#primaryimage\",\"url\":\"https:\\\/\\\/www.displayfabriken.com\\\/wp-content\\\/uploads\\\/2025\\\/02\\\/cnc.png\",\"contentUrl\":\"https:\\\/\\\/www.displayfabriken.com\\\/wp-content\\\/uploads\\\/2025\\\/02\\\/cnc.png\",\"width\":637,\"height\":420},{\"@type\":\"BreadcrumbList\",\"@id\":\"https:\\\/\\\/www.displayfabriken.com\\\/sv\\\/displayfabriken-utokar-kapaciteten-ytterligare\\\/#breadcrumb\",\"itemListElement\":[{\"@type\":\"ListItem\",\"position\":1,\"name\":\"Hem\",\"item\":\"https:\\\/\\\/www.displayfabriken.com\\\/sv\\\/\"},{\"@type\":\"ListItem\",\"position\":2,\"name\":\"Displayfabriken ut\u00f6kar kapaciteten ytterligare\"}]},{\"@type\":\"WebSite\",\"@id\":\"https:\\\/\\\/www.displayfabriken.com\\\/sv\\\/#website\",\"url\":\"https:\\\/\\\/www.displayfabriken.com\\\/sv\\\/\",\"name\":\"Displayfabriken\",\"description\":\"The display and branding company\",\"publisher\":{\"@id\":\"https:\\\/\\\/www.displayfabriken.com\\\/sv\\\/#organization\"},\"potentialAction\":[{\"@type\":\"SearchAction\",\"target\":{\"@type\":\"EntryPoint\",\"urlTemplate\":\"https:\\\/\\\/www.displayfabriken.com\\\/sv\\\/?s={search_term_string}\"},\"query-input\":{\"@type\":\"PropertyValueSpecification\",\"valueRequired\":true,\"valueName\":\"search_term_string\"}}],\"inLanguage\":\"sv-SE\"},{\"@type\":\"Organization\",\"@id\":\"https:\\\/\\\/www.displayfabriken.com\\\/sv\\\/#organization\",\"name\":\"Displayfabriken\",\"url\":\"https:\\\/\\\/www.displayfabriken.com\\\/sv\\\/\",\"logo\":{\"@type\":\"ImageObject\",\"inLanguage\":\"sv-SE\",\"@id\":\"https:\\\/\\\/www.displayfabriken.com\\\/sv\\\/#\\\/schema\\\/logo\\\/image\\\/\",\"url\":\"https:\\\/\\\/www.displayfabriken.com\\\/wp-content\\\/uploads\\\/2025\\\/01\\\/displayfabriken_logo.png\",\"contentUrl\":\"https:\\\/\\\/www.displayfabriken.com\\\/wp-content\\\/uploads\\\/2025\\\/01\\\/displayfabriken_logo.png\",\"width\":350,\"height\":61,\"caption\":\"Displayfabriken\"},\"image\":{\"@id\":\"https:\\\/\\\/www.displayfabriken.com\\\/sv\\\/#\\\/schema\\\/logo\\\/image\\\/\"}},{\"@type\":\"Person\",\"@id\":\"https:\\\/\\\/www.displayfabriken.com\\\/sv\\\/#\\\/schema\\\/person\\\/0556f9575aa674e56aeb4d9aedc09af8\",\"name\":\"Aria\",\"image\":{\"@type\":\"ImageObject\",\"inLanguage\":\"sv-SE\",\"@id\":\"https:\\\/\\\/secure.gravatar.com\\\/avatar\\\/c8348a4a93dd0ee1ab7e486f5280c37b5bdaf172a84dc912324bc0b8ca521874?s=96&d=mm&r=g\",\"url\":\"https:\\\/\\\/secure.gravatar.com\\\/avatar\\\/c8348a4a93dd0ee1ab7e486f5280c37b5bdaf172a84dc912324bc0b8ca521874?s=96&d=mm&r=g\",\"contentUrl\":\"https:\\\/\\\/secure.gravatar.com\\\/avatar\\\/c8348a4a93dd0ee1ab7e486f5280c37b5bdaf172a84dc912324bc0b8ca521874?s=96&d=mm&r=g\",\"caption\":\"Aria\"},\"url\":\"https:\\\/\\\/www.displayfabriken.com\\\/sv\\\/author\\\/aria\\\/\"}]}<\/script>\n<!-- \/ Yoast SEO plugin. -->","yoast_head_json":{"title":"Displayfabriken ut\u00f6kar kapaciteten ytterligare - Displayfabriken","robots":{"index":"index","follow":"follow","max-snippet":"max-snippet:-1","max-image-preview":"max-image-preview:large","max-video-preview":"max-video-preview:-1"},"canonical":"https:\/\/www.displayfabriken.com\/sv\/displayfabriken-utokar-kapaciteten-ytterligare\/","og_locale":"sv_SE","og_type":"article","og_title":"Displayfabriken ut\u00f6kar kapaciteten ytterligare - Displayfabriken","og_description":"Efter snart 3 \u00e5r p\u00e5 marknaden och en stark tillv\u00e4xt \u00e4r det \u00e5terigen dags att informera om nya investeringar hos Displayfabriken, detta f\u00f6r att kunna m\u00f6ta den starka efterfr\u00e5gan hos b\u00e5de nya och gamla kunder. Efter sommaren kommer v\u00e5r&nbsp;tredje&nbsp;CNC-styrda fr\u00e4s i format 2000 x 3000 mm att vara p\u00e5 plats. I samband med detta ut\u00f6kar [&hellip;]","og_url":"https:\/\/www.displayfabriken.com\/sv\/displayfabriken-utokar-kapaciteten-ytterligare\/","og_site_name":"Displayfabriken","article_published_time":"2016-06-08T14:43:00+00:00","article_modified_time":"2025-02-03T15:44:17+00:00","og_image":[{"width":637,"height":420,"url":"https:\/\/www.displayfabriken.com\/wp-content\/uploads\/2025\/02\/cnc.png","type":"image\/png"}],"author":"Aria","twitter_card":"summary_large_image","twitter_misc":{"Skriven av":"Aria","Ber\u00e4knad l\u00e4stid":"1 minut"},"schema":{"@context":"https:\/\/schema.org","@graph":[{"@type":"Article","@id":"https:\/\/www.displayfabriken.com\/sv\/displayfabriken-utokar-kapaciteten-ytterligare\/#article","isPartOf":{"@id":"https:\/\/www.displayfabriken.com\/sv\/displayfabriken-utokar-kapaciteten-ytterligare\/"},"author":{"name":"Aria","@id":"https:\/\/www.displayfabriken.com\/sv\/#\/schema\/person\/0556f9575aa674e56aeb4d9aedc09af8"},"headline":"Displayfabriken ut\u00f6kar kapaciteten ytterligare","datePublished":"2016-06-08T14:43:00+00:00","dateModified":"2025-02-03T15:44:17+00:00","mainEntityOfPage":{"@id":"https:\/\/www.displayfabriken.com\/sv\/displayfabriken-utokar-kapaciteten-ytterligare\/"},"wordCount":148,"commentCount":0,"publisher":{"@id":"https:\/\/www.displayfabriken.com\/sv\/#organization"},"image":{"@id":"https:\/\/www.displayfabriken.com\/sv\/displayfabriken-utokar-kapaciteten-ytterligare\/#primaryimage"},"thumbnailUrl":"https:\/\/www.displayfabriken.com\/wp-content\/uploads\/2025\/02\/cnc.png","inLanguage":"sv-SE","potentialAction":[{"@type":"CommentAction","name":"Comment","target":["https:\/\/www.displayfabriken.com\/sv\/displayfabriken-utokar-kapaciteten-ytterligare\/#respond"]}]},{"@type":"WebPage","@id":"https:\/\/www.displayfabriken.com\/sv\/displayfabriken-utokar-kapaciteten-ytterligare\/","url":"https:\/\/www.displayfabriken.com\/sv\/displayfabriken-utokar-kapaciteten-ytterligare\/","name":"Displayfabriken ut\u00f6kar kapaciteten ytterligare - Displayfabriken","isPartOf":{"@id":"https:\/\/www.displayfabriken.com\/sv\/#website"},"primaryImageOfPage":{"@id":"https:\/\/www.displayfabriken.com\/sv\/displayfabriken-utokar-kapaciteten-ytterligare\/#primaryimage"},"image":{"@id":"https:\/\/www.displayfabriken.com\/sv\/displayfabriken-utokar-kapaciteten-ytterligare\/#primaryimage"},"thumbnailUrl":"https:\/\/www.displayfabriken.com\/wp-content\/uploads\/2025\/02\/cnc.png","datePublished":"2016-06-08T14:43:00+00:00","dateModified":"2025-02-03T15:44:17+00:00","breadcrumb":{"@id":"https:\/\/www.displayfabriken.com\/sv\/displayfabriken-utokar-kapaciteten-ytterligare\/#breadcrumb"},"inLanguage":"sv-SE","potentialAction":[{"@type":"ReadAction","target":["https:\/\/www.displayfabriken.com\/sv\/displayfabriken-utokar-kapaciteten-ytterligare\/"]}]},{"@type":"ImageObject","inLanguage":"sv-SE","@id":"https:\/\/www.displayfabriken.com\/sv\/displayfabriken-utokar-kapaciteten-ytterligare\/#primaryimage","url":"https:\/\/www.displayfabriken.com\/wp-content\/uploads\/2025\/02\/cnc.png","contentUrl":"https:\/\/www.displayfabriken.com\/wp-content\/uploads\/2025\/02\/cnc.png","width":637,"height":420},{"@type":"BreadcrumbList","@id":"https:\/\/www.displayfabriken.com\/sv\/displayfabriken-utokar-kapaciteten-ytterligare\/#breadcrumb","itemListElement":[{"@type":"ListItem","position":1,"name":"Hem","item":"https:\/\/www.displayfabriken.com\/sv\/"},{"@type":"ListItem","position":2,"name":"Displayfabriken ut\u00f6kar kapaciteten ytterligare"}]},{"@type":"WebSite","@id":"https:\/\/www.displayfabriken.com\/sv\/#website","url":"https:\/\/www.displayfabriken.com\/sv\/","name":"Displayfabriken","description":"The display and branding company","publisher":{"@id":"https:\/\/www.displayfabriken.com\/sv\/#organization"},"potentialAction":[{"@type":"SearchAction","target":{"@type":"EntryPoint","urlTemplate":"https:\/\/www.displayfabriken.com\/sv\/?s={search_term_string}"},"query-input":{"@type":"PropertyValueSpecification","valueRequired":true,"valueName":"search_term_string"}}],"inLanguage":"sv-SE"},{"@type":"Organization","@id":"https:\/\/www.displayfabriken.com\/sv\/#organization","name":"Displayfabriken","url":"https:\/\/www.displayfabriken.com\/sv\/","logo":{"@type":"ImageObject","inLanguage":"sv-SE","@id":"https:\/\/www.displayfabriken.com\/sv\/#\/schema\/logo\/image\/","url":"https:\/\/www.displayfabriken.com\/wp-content\/uploads\/2025\/01\/displayfabriken_logo.png","contentUrl":"https:\/\/www.displayfabriken.com\/wp-content\/uploads\/2025\/01\/displayfabriken_logo.png","width":350,"height":61,"caption":"Displayfabriken"},"image":{"@id":"https:\/\/www.displayfabriken.com\/sv\/#\/schema\/logo\/image\/"}},{"@type":"Person","@id":"https:\/\/www.displayfabriken.com\/sv\/#\/schema\/person\/0556f9575aa674e56aeb4d9aedc09af8","name":"Aria","image":{"@type":"ImageObject","inLanguage":"sv-SE","@id":"https:\/\/secure.gravatar.com\/avatar\/c8348a4a93dd0ee1ab7e486f5280c37b5bdaf172a84dc912324bc0b8ca521874?s=96&d=mm&r=g","url":"https:\/\/secure.gravatar.com\/avatar\/c8348a4a93dd0ee1ab7e486f5280c37b5bdaf172a84dc912324bc0b8ca521874?s=96&d=mm&r=g","contentUrl":"https:\/\/secure.gravatar.com\/avatar\/c8348a4a93dd0ee1ab7e486f5280c37b5bdaf172a84dc912324bc0b8ca521874?s=96&d=mm&r=g","caption":"Aria"},"url":"https:\/\/www.displayfabriken.com\/sv\/author\/aria\/"}]}},"_links":{"self":[{"href":"https:\/\/www.displayfabriken.com\/sv\/wp-json\/wp\/v2\/posts\/2273","targetHints":{"allow":["GET"]}}],"collection":[{"href":"https:\/\/www.displayfabriken.com\/sv\/wp-json\/wp\/v2\/posts"}],"about":[{"href":"https:\/\/www.displayfabriken.com\/sv\/wp-json\/wp\/v2\/types\/post"}],"author":[{"embeddable":true,"href":"https:\/\/www.displayfabriken.com\/sv\/wp-json\/wp\/v2\/users\/1"}],"replies":[{"embeddable":true,"href":"https:\/\/www.displayfabriken.com\/sv\/wp-json\/wp\/v2\/comments?post=2273"}],"version-history":[{"count":1,"href":"https:\/\/www.displayfabriken.com\/sv\/wp-json\/wp\/v2\/posts\/2273\/revisions"}],"predecessor-version":[{"id":2275,"href":"https:\/\/www.displayfabriken.com\/sv\/wp-json\/wp\/v2\/posts\/2273\/revisions\/2275"}],"wp:featuredmedia":[{"embeddable":true,"href":"https:\/\/www.displayfabriken.com\/sv\/wp-json\/wp\/v2\/media\/2274"}],"wp:attachment":[{"href":"https:\/\/www.displayfabriken.com\/sv\/wp-json\/wp\/v2\/media?parent=2273"}],"wp:term":[{"taxonomy":"category","embeddable":true,"href":"https:\/\/www.displayfabriken.com\/sv\/wp-json\/wp\/v2\/categories?post=2273"},{"taxonomy":"post_tag","embeddable":true,"href":"https:\/\/www.displayfabriken.com\/sv\/wp-json\/wp\/v2\/tags?post=2273"}],"curies":[{"name":"wp","href":"https:\/\/api.w.org\/{rel}","templated":true}]}}